{"id":1803,"date":"2026-04-02T09:46:00","date_gmt":"2026-04-02T06:46:00","guid":{"rendered":"https:\/\/edvista.com.ua\/cz\/?p=1803"},"modified":"2026-04-19T20:38:55","modified_gmt":"2026-04-19T17:38:55","slug":"summer-school-czechia-brno","status":"publish","type":"post","link":"https:\/\/edvista.com.ua\/cz\/summer-school-czechia-brno\/","title":{"rendered":"Letn\u00ed \u0161kola v \u010cesku: \u010desk\u00fd jazyk, Brno a prvn\u00ed krok k p\u0159ijet\u00ed"},"content":{"rendered":"\n<p>Letn\u00ed \u0161kola v \u010cesku je form\u00e1t, kter\u00fd spojuje \u010desk\u00fd jazyk, sezn\u00e1men\u00ed s univerzitn\u00edm prost\u0159ed\u00edm a re\u00e1lnou zku\u0161enost pobytu v zemi, kde mnoho ukrajinsk\u00fdch uchaze\u010d\u016f pl\u00e1nuje sv\u00e9 budouc\u00ed studium. Pro ty, kte\u0159\u00ed uva\u017euj\u00ed o p\u0159ijet\u00ed na \u010deskou univerzitu, m\u016f\u017ee dvout\u00fddenn\u00ed program b\u00fdt nejen letn\u00ed cestou, ale i prvn\u00edm praktick\u00fdm krokem ke studiu v zahrani\u010d\u00ed.<\/p>\n\n\n\n<p>Od 4. do 19. \u010dervence 2026 se v Brn\u011b uskute\u010dn\u00ed letn\u00ed \u0161kola EdVista \u2014 dvout\u00fddenn\u00ed program zam\u011b\u0159en\u00fd na \u010desk\u00fd jazyk, sezn\u00e1men\u00ed s univerzitn\u00edm prost\u0159ed\u00edm a p\u0159\u00edpravu na p\u0159ijet\u00ed v \u010cesku. Kombinuje intenzivn\u00ed v\u00fduku \u010de\u0161tiny na \u00farovn\u00edch A1 a A2, pozn\u00e1n\u00ed akademick\u00e9ho prost\u0159ed\u00ed, n\u00e1v\u0161t\u011bvu univerzity, komunikaci s ukrajinsk\u00fdmi studenty, workshop o p\u0159ijet\u00ed v \u010cesku a kulturn\u00ed program v Brn\u011b a Praze.<\/p>\n\n\n\n<h2 class=\"wp-block-heading\">Co je letn\u00ed \u0161kola v \u010cesku a komu je ur\u010dena<\/h2>\n\n\n\n<p>Letn\u00ed \u0161kola v \u010cesku je kr\u00e1tk\u00fd prezen\u010dn\u00ed program, kter\u00fd spojuje \u010desk\u00fd jazyk, sezn\u00e1men\u00ed s univerzitn\u00edm prost\u0159ed\u00edm a prvn\u00ed zku\u0161enost se studentsk\u00fdm \u017eivotem v \u010cesku. V programu EdVista jde o 2 t\u00fddny v Brn\u011b, v\u00fduku \u010de\u0161tiny na \u00farovn\u00edch A1\u2013A2, sezn\u00e1men\u00ed s univerzitou, workshop o p\u0159ijet\u00ed a komunikaci se studenty, kte\u0159\u00ed u\u017e v \u010cesku studuj\u00ed. Nen\u00ed to form\u00e1t &#8222;jen odpo\u010dinku&#8220; ani b\u011b\u017en\u00e9 jazykov\u00e9 kurzy bez kontextu. \u00da\u010dastn\u00edk se nejen u\u010d\u00ed jazyk, ale tak\u00e9 vid\u00ed, jak v praxi funguje \u010desk\u00e9 vzd\u011bl\u00e1vac\u00ed prost\u0159ed\u00ed.<\/p>\n\n\n\n<p>Takov\u00fd form\u00e1t je vhodn\u00fd pro ty, kte\u0159\u00ed:<\/p>\n\n\n\n<ul class=\"wp-block-list\">\n<li>chce studovat \u010desk\u00fd jazyk pro Ukrajince v re\u00e1ln\u00e9m prost\u0159ed\u00ed;<\/li>\n\n\n\n<li>pl\u00e1nuje p\u0159\u00edpravu na p\u0159ijet\u00ed na \u010desk\u00e9 univerzity;<\/li>\n\n\n\n<li>je\u0161t\u011b si nen\u00ed jist\u00fd, zda je pro n\u011bj studium v \u010cesku vhodn\u00e9;<\/li>\n\n\n\n<li>chce poc\u00edtit atmosf\u00e9ru studentsk\u00e9ho \u017eivota p\u0159ed za\u010d\u00e1tkem hlavn\u00ed studijn\u00ed cesty;<\/li>\n\n\n\n<li>hled\u00e1 kombinaci studia, nov\u00fdch kontakt\u016f a cesty do Evropy.<\/li>\n<\/ul>\n\n\n\n<p>Pro mnoho uchaze\u010d\u016f je hlavn\u00ed hodnotou tohoto form\u00e1tu to, \u017ee odstra\u0148uje abstraktnost. \u010cesko p\u0159est\u00e1v\u00e1 b\u00fdt \u201epl\u00e1nem do budoucna\u201c a st\u00e1v\u00e1 se konkr\u00e9tn\u00ed zku\u0161enost\u00ed, kterou lze za\u017e\u00edt u\u017e te\u010f.<\/p>\n\n\n\n<h2 class=\"wp-block-heading\">\u010c\u00edm se letn\u00ed \u0161kola v Brn\u011b v \u010cesku li\u0161\u00ed od b\u011b\u017en\u00fdch jazykov\u00fdch kurz\u016f<\/h2>\n\n\n\n<p>V\u011bt\u0161ina kr\u00e1tkodob\u00fdch letn\u00edch program\u016f se omezuje pouze na jazykovou v\u00fduku. Zde je p\u0159\u00edstup jin\u00fd. \u00da\u010dastn\u00edk z\u00edsk\u00e1v\u00e1 nejen \u010de\u0161tinu, ale i hlub\u0161\u00ed porozum\u011bn\u00ed tomu, jak vypad\u00e1 studium na \u010desk\u00e9 univerzit\u011b, jak\u00fd je form\u00e1t v\u00fduky, jak funguje akademick\u00e9 prost\u0159ed\u00ed a co studenta \u010dek\u00e1 po p\u0159ijet\u00ed.<\/p>\n\n\n\n<p>Program zahrnuje n\u011bkolik kl\u00ed\u010dov\u00fdch prvk\u016f:<\/p>\n\n\n\n<ul class=\"wp-block-list\">\n<li>intenzivn\u00ed v\u00fduka \u010desk\u00e9ho jazyka na \u00farovn\u00edch A1 a A2;<\/li>\n\n\n\n<li>zku\u0161enost se studijn\u00edm procesem bl\u00edzk\u00fdm univerzitn\u00edmu form\u00e1tu;<\/li>\n\n\n\n<li>n\u00e1v\u0161t\u011bva univerzity a sezn\u00e1men\u00ed s jej\u00edm prost\u0159ed\u00edm;<\/li>\n\n\n\n<li>setk\u00e1n\u00ed s ukrajinsk\u00fdmi studenty, kte\u0159\u00ed ji\u017e studuj\u00ed v \u010cesku;<\/li>\n\n\n\n<li>workshop o p\u0159ijet\u00ed na \u010deskou univerzitu;<\/li>\n\n\n\n<li>sezn\u00e1men\u00ed s kulturou a tradicemi \u010ceska.<\/li>\n<\/ul>\n\n\n<div class=\"wp-block-image\">\n<figure class=\"aligncenter size-large\"><img loading=\"lazy\" decoding=\"async\" width=\"576\" height=\"1024\" src=\"https:\/\/edvista.com.ua\/cz\/wp-content\/uploads\/2026\/04\/summer-school-czech-speaking-activity-576x1024.webp\" alt=\"\u00da\u010dastn\u00edci letn\u00ed \u0161koly pln\u00ed jazykov\u00fd \u00fakol v u\u010debn\u011b\" class=\"wp-image-1804\" srcset=\"https:\/\/edvista.com.ua\/cz\/wp-content\/uploads\/2026\/04\/summer-school-czech-speaking-activity-576x1024.webp 576w, https:\/\/edvista.com.ua\/cz\/wp-content\/uploads\/2026\/04\/summer-school-czech-speaking-activity-169x300.webp 169w, https:\/\/edvista.com.ua\/cz\/wp-content\/uploads\/2026\/04\/summer-school-czech-speaking-activity-768x1365.webp 768w, https:\/\/edvista.com.ua\/cz\/wp-content\/uploads\/2026\/04\/summer-school-czech-speaking-activity-864x1536.webp 864w, https:\/\/edvista.com.ua\/cz\/wp-content\/uploads\/2026\/04\/summer-school-czech-speaking-activity.webp 934w\" sizes=\"auto, (max-width: 576px) 100vw, 576px\" \/><figcaption class=\"wp-element-caption\">Praktick\u00e1 pr\u00e1ce a \u017eiv\u00e1 komunikace b\u011bhem v\u00fduky na letn\u00ed \u0161kole EdVista<\/figcaption><\/figure>\n<\/div>\n\n\n<p>Pr\u00e1v\u011b proto letn\u00ed \u0161kola v Brn\u011b v \u010cesku funguje nejen jako jazykov\u00fd start, ale i jako orienta\u010dn\u00ed bod pro ty, kte\u0159\u00ed v\u00e1\u017en\u011b uva\u017euj\u00ed o studiu v zahrani\u010d\u00ed.<\/p>\n\n\n\n<h2 class=\"wp-block-heading\">Co p\u0159in\u00e1\u0161\u00ed letn\u00ed \u0161kola v \u010cesku pro studium \u010desk\u00e9ho jazyka<\/h2>\n\n\n\n<p>L\u00e9to je vhodn\u00e9 obdob\u00ed pro zah\u00e1jen\u00ed nebo pos\u00edlen\u00ed jazykov\u00e9ho z\u00e1kladu. V tomto \u010dase je m\u00e9n\u011b paraleln\u00edho zat\u00ed\u017een\u00ed, tak\u017ee se \u00fa\u010dastn\u00edk m\u016f\u017ee soust\u0159edit na jazyk, praxi a p\u0159\u00edm\u00e9 vn\u00edm\u00e1n\u00ed zem\u011b. Kdy\u017e se \u010de\u0161tina u\u010d\u00ed nejen v u\u010debn\u011b, ale i v ka\u017edodenn\u00edm prost\u0159ed\u00ed, zvy\u0161uje se rychlost adaptace i porozum\u011bn\u00ed.<\/p>\n\n\n\n<p>Pro uchaze\u010de to p\u0159in\u00e1\u0161\u00ed tyto praktick\u00e9 v\u00fdsledky:<\/p>\n\n\n\n<ul class=\"wp-block-list\">\n<li>rychle se pono\u0159it do jazyka bez dlouh\u00e9ho rozjezdu;<\/li>\n\n\n\n<li>za\u010d\u00edt rozum\u011bt re\u00e1ln\u00e9mu zn\u011bn\u00ed \u010de\u0161tiny;<\/li>\n\n\n\n<li>polo\u017eit z\u00e1klad pro dal\u0161\u00ed studium;<\/li>\n\n\n\n<li>sn\u00ed\u017eit strach z jazykov\u00e9 bari\u00e9ry;<\/li>\n\n\n\n<li>pochopit, jak jazyk souvis\u00ed s budouc\u00edm p\u0159ijet\u00edm.<\/li>\n<\/ul>\n\n\n<div class=\"wp-block-image\">\n<figure class=\"aligncenter size-large\"><img loading=\"lazy\" decoding=\"async\" width=\"768\" height=\"1024\" src=\"https:\/\/edvista.com.ua\/cz\/wp-content\/uploads\/2026\/04\/summer-school-czech-language-classroom-practice-768x1024.webp\" alt=\"Letn\u00ed \u0161kola v \u010cesku \u2013 praktick\u00e1 lekce \u010desk\u00e9ho jazyka\" class=\"wp-image-1806\" srcset=\"https:\/\/edvista.com.ua\/cz\/wp-content\/uploads\/2026\/04\/summer-school-czech-language-classroom-practice-768x1024.webp 768w, https:\/\/edvista.com.ua\/cz\/wp-content\/uploads\/2026\/04\/summer-school-czech-language-classroom-practice-225x300.webp 225w, https:\/\/edvista.com.ua\/cz\/wp-content\/uploads\/2026\/04\/summer-school-czech-language-classroom-practice-1152x1536.webp 1152w, https:\/\/edvista.com.ua\/cz\/wp-content\/uploads\/2026\/04\/summer-school-czech-language-classroom-practice.webp 1245w\" sizes=\"auto, (max-width: 768px) 100vw, 768px\" \/><figcaption class=\"wp-element-caption\">\u00da\u010dastn\u00edci letn\u00ed \u0161koly procvi\u010duj\u00ed \u010desk\u00fd jazyk na praktick\u00e9 lekci<\/figcaption><\/figure>\n<\/div>\n\n\n<p>Pro ty, kte\u0159\u00ed teprve za\u010d\u00ednaj\u00ed, to m\u016f\u017ee b\u00fdt prvn\u00ed strukturovan\u00e9 sezn\u00e1men\u00ed s jazykem. Pro ty, kte\u0159\u00ed u\u017e maj\u00ed z\u00e1klad, je to zp\u016fsob, jak si upevnit znalosti prost\u0159ednictv\u00edm praxe a \u017eiv\u00e9 komunikace.<\/p>\n\n\n<div class=\"wp-block-image\">\n<figure class=\"aligncenter size-large\"><img loading=\"lazy\" decoding=\"async\" width=\"768\" height=\"1024\" src=\"https:\/\/edvista.com.ua\/cz\/wp-content\/uploads\/2026\/04\/summer-school-czech-classroom-lesson-768x1024.webp\" alt=\"V\u00fduka \u010desk\u00e9ho jazyka v u\u010debn\u011b letn\u00ed \u0161koly\" class=\"wp-image-1807\" srcset=\"https:\/\/edvista.com.ua\/cz\/wp-content\/uploads\/2026\/04\/summer-school-czech-classroom-lesson-768x1024.webp 768w, https:\/\/edvista.com.ua\/cz\/wp-content\/uploads\/2026\/04\/summer-school-czech-classroom-lesson-225x300.webp 225w, https:\/\/edvista.com.ua\/cz\/wp-content\/uploads\/2026\/04\/summer-school-czech-classroom-lesson-1152x1536.webp 1152w, https:\/\/edvista.com.ua\/cz\/wp-content\/uploads\/2026\/04\/summer-school-czech-classroom-lesson.webp 1245w\" sizes=\"auto, (max-width: 768px) 100vw, 768px\" \/><figcaption class=\"wp-element-caption\">\u00da\u010dastn\u00edci letn\u00ed \u0161koly b\u011bhem v\u00fduky \u010desk\u00e9ho jazyka v Brn\u011b<\/figcaption><\/figure>\n<\/div>\n\n\n<h2 class=\"wp-block-heading\">Pro\u010d je Brno siln\u00e9 m\u011bsto pro takovou zku\u0161enost<\/h2>\n\n\n\n<p>Brno nen\u00ed n\u00e1hodn\u011b zvolen\u00e1 lokalita pro letn\u00ed program. Je to m\u011bsto s v\u00fdrazn\u00fdm studentsk\u00fdm prost\u0159ed\u00edm, aktivn\u00edm rytmem, univerzitn\u00ed atmosf\u00e9rou a srozumitelnou logikou pro ty, kte\u0159\u00ed uva\u017euj\u00ed o studiu v \u010cesku. Pr\u00e1v\u011b v Brn\u011b m\u016f\u017ee \u00fa\u010dastn\u00edk bl\u00ed\u017ee poznat prost\u0159ed\u00ed m\u011bsta, kde p\u016fsob\u00ed <a href=\"http:\/\/muni.cz\/\" target=\"_blank\" rel=\"noreferrer noopener\">Masarykova univerzita<\/a> a kde si uchaze\u010d re\u00e1ln\u011b vyzkou\u0161\u00ed, jak vypad\u00e1 budouc\u00ed studentsk\u00fd \u017eivot. Pr\u00e1v\u011b zde je snaz\u0161\u00ed pochopit, jak vypad\u00e1 studium v evropsk\u00e9m m\u011bst\u011b ne z turistick\u00e9, ale z akademick\u00e9 perspektivy.<\/p>\n\n\n\n<p>\u00da\u010dastn\u00edk z\u00edsk\u00e1v\u00e1 nejen v\u00fduku v vzd\u011bl\u00e1vac\u00edm centru EdVista, ale i kontakt s m\u011bstsk\u00fdm prost\u0159ed\u00edm, ve kter\u00e9m studenti skute\u010dn\u011b \u017eij\u00ed a studuj\u00ed. To je d\u016fle\u017eit\u00e9, proto\u017ee <a href=\"\/cz\/preparation-for-entry-to-universities\/\">p\u0159\u00edprava na p\u0159ijet\u00ed na \u010desk\u00e9 univerzity<\/a> nen\u00ed jen o dokumentech a jazyce, ale tak\u00e9 o vnit\u0159n\u00edm pochopen\u00ed: \u201eVid\u00edm se tady?\u201c<\/p>\n\n\n\n<h2 class=\"wp-block-heading\">Jak letn\u00ed \u0161kola v \u010cesku pom\u00e1h\u00e1 t\u011bm, kte\u0159\u00ed uva\u017euj\u00ed o p\u0159ijet\u00ed<\/h2>\n\n\n\n<p>Jedn\u00edm z nejv\u011bt\u0161\u00edch probl\u00e9m\u016f uchaze\u010d\u016f je to, \u017ee se na p\u0159ijet\u00ed dlouho p\u0159ipravuj\u00ed teoreticky, ale nemaj\u00ed \u017eivou p\u0159edstavu o samotn\u00e9 trase. Kv\u016fli tomu vznik\u00e1 chaos: \u010dlov\u011bk se odd\u011blen\u011b u\u010d\u00ed jazyk, odd\u011blen\u011b \u010dte o univerzit\u00e1ch, odd\u011blen\u011b hled\u00e1 recenze, ale neskl\u00e1d\u00e1 si to v\u0161echno do jednoho obrazu.<\/p>\n\n\n\n<p>Letn\u00ed \u0161kola v \u010cesku pom\u00e1h\u00e1 tuto trasu spojit dohromady. B\u011bhem dvou t\u00fddn\u016f \u00fa\u010dastn\u00edk:<\/p>\n\n\n\n<ul class=\"wp-block-list\">\n<li>vid\u00ed re\u00e1ln\u00e9 vzd\u011bl\u00e1vac\u00ed prost\u0159ed\u00ed;<\/li>\n\n\n\n<li>l\u00e9pe rozum\u00ed tomu, jak vypad\u00e1 p\u0159ijet\u00ed na \u010deskou univerzitu;<\/li>\n\n\n\n<li>z\u00edsk\u00e1v\u00e1 za\u010d\u00e1tek nebo pos\u00edlen\u00ed jazykov\u00e9 p\u0159\u00edpravy;<\/li>\n\n\n\n<li>sly\u0161\u00ed zku\u0161enosti ukrajinsk\u00fdch student\u016f ne teoreticky, ale p\u0159\u00edmo;<\/li>\n\n\n\n<li>za\u010d\u00edn\u00e1 se orientovat v logice budouc\u00edch krok\u016f.<\/li>\n<\/ul>\n\n\n\n<p>Pro mnoh\u00e9 je to bod, po kter\u00e9m se rozhodnut\u00ed o studiu v \u010cesku st\u00e1v\u00e1 mnohem konkr\u00e9tn\u011bj\u0161\u00edm.<\/p>\n\n\n\n<h2 class=\"wp-block-heading\">Co zahrnuje program letn\u00ed \u0161koly EdVista<\/h2>\n\n\n\n<p>Program prob\u011bhne od 4. do 19. \u010dervence 2026 v Brn\u011b, ve vzd\u011bl\u00e1vac\u00edm centru EdVista. Program zahrnuje jazykov\u00e9 lekce, sezn\u00e1men\u00ed s univerzitn\u00edm prost\u0159ed\u00edm, workshop o p\u0159ijet\u00ed, setk\u00e1n\u00ed se studenty a kulturn\u00ed program v <a href=\"http:\/\/gotobrno.cz\/\" target=\"_blank\" rel=\"noreferrer noopener nofollow\">Brn\u011b<\/a> a <a href=\"http:\/\/prague.eu\/\" target=\"_blank\" rel=\"noreferrer noopener nofollow\">Praze<\/a>.<\/p>\n\n\n<div class=\"wp-block-image\">\n<figure class=\"aligncenter size-large\"><img loading=\"lazy\" decoding=\"async\" width=\"819\" height=\"1024\" src=\"https:\/\/edvista.com.ua\/cz\/wp-content\/uploads\/2026\/04\/summer-school-czechia-program-highlights-819x1024.webp\" alt=\"Letn\u00ed \u0161kola v \u010cesku \u2013 program, term\u00edny a form\u00e1t v Brn\u011b\" class=\"wp-image-1808\" srcset=\"https:\/\/edvista.com.ua\/cz\/wp-content\/uploads\/2026\/04\/summer-school-czechia-program-highlights-819x1024.webp 819w, https:\/\/edvista.com.ua\/cz\/wp-content\/uploads\/2026\/04\/summer-school-czechia-program-highlights-240x300.webp 240w, https:\/\/edvista.com.ua\/cz\/wp-content\/uploads\/2026\/04\/summer-school-czechia-program-highlights-768x960.webp 768w, https:\/\/edvista.com.ua\/cz\/wp-content\/uploads\/2026\/04\/summer-school-czechia-program-highlights.webp 1080w\" sizes=\"auto, (max-width: 819px) 100vw, 819px\" \/><figcaption class=\"wp-element-caption\">Kl\u00ed\u010dov\u00e9 prvky programu letn\u00ed \u0161koly EdVista v Brn\u011b<\/figcaption><\/figure>\n<\/div>\n\n\n<p>\u00da\u010dastn\u00edky \u010dek\u00e1:<\/p>\n\n\n\n<ul class=\"wp-block-list\">\n<li>intenzivn\u00ed v\u00fduka \u010desk\u00e9ho jazyka na \u00farovn\u00edch A1 a A2;<\/li>\n\n\n\n<li>sezn\u00e1men\u00ed s form\u00e1tem v\u00fduky a p\u0159\u00edstupem lektor\u016f;<\/li>\n\n\n\n<li>zku\u0161enost \u017eiv\u00e9 komunikace v akademick\u00e9m prost\u0159ed\u00ed;<\/li>\n\n\n\n<li>n\u00e1v\u0161t\u011bva univerzity;<\/li>\n\n\n\n<li>setk\u00e1n\u00ed s ukrajinsk\u00fdmi studenty, kte\u0159\u00ed ji\u017e studuj\u00ed v \u010cesku;<\/li>\n\n\n\n<li>workshop o p\u0159ijet\u00ed na \u010deskou univerzitu;<\/li>\n\n\n\n<li>sezn\u00e1men\u00ed s kulturou a tradicemi \u010ceska;<\/li>\n\n\n\n<li>exkurze v Brn\u011b a Praze;<\/li>\n\n\n\n<li>mezin\u00e1rodn\u00ed prost\u0159ed\u00ed a nov\u00e1 setk\u00e1n\u00ed;<\/li>\n\n\n\n<li>komfortn\u00ed ubytov\u00e1n\u00ed v jednom z nejkr\u00e1sn\u011bj\u0161\u00edch m\u011bst \u010ceska.<\/li>\n<\/ul>\n\n\n\n<p>Je to vyv\u00e1\u017een\u00fd form\u00e1t, kde studium nen\u00ed odd\u011blen\u00e9 od re\u00e1ln\u00e9 zku\u0161enosti se zem\u00ed.<\/p>\n\n\n\n<h2 class=\"wp-block-heading\">Pro\u010d je takov\u00e1 cesta u\u017eite\u010dn\u00e1 je\u0161t\u011b p\u0159ed za\u010d\u00e1tkem hlavn\u00ed p\u0159\u00edpravy<\/h2>\n\n\n\n<p>Ne ka\u017ed\u00fd uchaze\u010d je p\u0159ipraven hned nastoupit do dlouhodob\u00e9ho kurzu nebo pln\u00e9ho doprovodu p\u0159i p\u0159ijet\u00ed. Pr\u00e1v\u011b proto m\u016f\u017ee b\u00fdt letn\u00ed \u0161kola velmi vhodn\u00fdm prvn\u00edm krokem. Nab\u00edz\u00ed bezpe\u010dn\u00fd vstup do t\u00e9matu, po kter\u00e9m je mnohem snaz\u0161\u00ed pochopit, co d\u011blat d\u00e1l.<\/p>\n\n\n\n<p>Po takov\u00e9m programu se \u00fa\u010dastn\u00edk u\u017e jen \u201enezaj\u00edm\u00e1 o \u010cesko\u201c. M\u00e1 prvn\u00ed zku\u0161enost, prvn\u00ed porozum\u011bn\u00ed vzd\u011bl\u00e1vac\u00edmu prost\u0159ed\u00ed, prvn\u00ed kontakt s jazykem, m\u011bstem, univerzitn\u00ed atmosf\u00e9rou a logikou p\u0159ijet\u00ed. To v\u00fdrazn\u011b sni\u017euje nejistotu a pom\u00e1h\u00e1 p\u0159ech\u00e1zet k dal\u0161\u00edm krok\u016fm v\u011bdom\u011b.<\/p>\n\n\n\n<h2 class=\"wp-block-heading\">Kdo by m\u011bl letn\u00ed \u0161kolu zv\u00e1\u017eit u\u017e te\u010f<\/h2>\n\n\n\n<p>Letn\u00ed \u0161kolu v \u010cesku by m\u011bli zv\u00e1\u017eit ti, kte\u0159\u00ed:<\/p>\n\n\n\n<ul class=\"wp-block-list\">\n<li>p\u0159ech\u00e1z\u00ed do 10. nebo 11. ro\u010dn\u00edku;<\/li>\n\n\n\n<li>pl\u00e1nuje studium v zahrani\u010d\u00ed po \u0161kole;<\/li>\n\n\n\n<li>chce d\u0159\u00edve za\u010d\u00edt pozn\u00e1vat \u010cesko;<\/li>\n\n\n\n<li>hled\u00e1 <a href=\"\/cz\/czech-courses-from-0-to-b2\/\">kurzy \u010desk\u00e9ho jazyka pro Ukrajince<\/a> v prezen\u010dn\u00ed form\u011b;<\/li>\n\n\n\n<li>chce spojit l\u00e9to, studium a u\u017eite\u010dnou zku\u0161enost pro budoucnost;<\/li>\n\n\n\n<li>uva\u017euje o p\u0159ijet\u00ed na univerzitu v \u010cesku, ale je\u0161t\u011b si nen\u00ed zcela jist\u00fd.<\/li>\n<\/ul>\n\n\n\n<p>Tento form\u00e1t m\u00e1 d\u016fle\u017eitou v\u00fdhodu: sou\u010dasn\u011b p\u0159in\u00e1\u0161\u00ed emoci, praxi i orientaci. Proto letn\u00ed \u0161kola v \u010cesku funguje jak jako vzd\u011bl\u00e1vac\u00ed zku\u0161enost, tak jako v\u00fdchoz\u00ed bod pro seri\u00f3zn\u011bj\u0161\u00ed p\u0159\u00edpravu.<\/p>\n\n\n\n<h2 class=\"wp-block-heading\">Letn\u00ed \u0161kola v \u010cesku nen\u00ed jen v\u00fdlet<\/h2>\n\n\n\n<p>Dva t\u00fddny v Brn\u011b mohou d\u00e1t v\u00edce jasnosti ne\u017e mnoho m\u011bs\u00edc\u016f \u010dten\u00ed jednotliv\u00fdch rad na internetu. Pro mnoho uchaze\u010d\u016f je to prvn\u00ed moment, kdy <a href=\"\/cz\/admission-to-a-czech-university-in-spring\/\">p\u0159ijet\u00ed na \u010deskou univerzitu p\u0159est\u00e1v\u00e1<\/a> b\u00fdt abstraktn\u00ed my\u0161lenkou a st\u00e1v\u00e1 se srozumitelnou cestou. Kdy\u017e uchaze\u010d vid\u00ed studijn\u00ed prost\u0159ed\u00ed na vlastn\u00ed o\u010di, zkou\u0161\u00ed jazyk v re\u00e1ln\u00e9m kontextu, seznamuje se se studenty a l\u00e9pe ch\u00e1pe cestu k p\u0159ijet\u00ed, jeho motivace roste a p\u0159\u00edprava se st\u00e1v\u00e1 p\u0159ehledn\u011bj\u0161\u00ed.<\/p>\n\n\n\n<p>Letn\u00ed \u0161kola EdVista v \u010cesku je mo\u017enost, jak str\u00e1vit l\u00e9to smyslupln\u011b, poc\u00edtit atmosf\u00e9ru evropsk\u00e9ho studentsk\u00e9ho \u017eivota a ud\u011blat prvn\u00ed re\u00e1ln\u00fd krok k budouc\u00edmu studiu.<\/p>\n\n\n\n<h2 class=\"wp-block-heading\">Ot\u00e1zky o letn\u00ed \u0161kole v \u010cesku a studiu v Brn\u011b<\/h2>\n\n\n\n<h3 class=\"wp-block-heading\">Kdy se uskute\u010dn\u00ed letn\u00ed \u0161kola EdVista?<\/h3>\n\n\n\n<p>Program bude prob\u00edhat od 4. do 19. \u010dervence 2026.<\/p>\n\n\n\n<h3 class=\"wp-block-heading\">Kde se letn\u00ed \u0161kola kon\u00e1?<\/h3>\n\n\n\n<p>Letn\u00ed \u0161kola se bude konat ve m\u011bst\u011b Brno, ve vzd\u011bl\u00e1vac\u00edm centru EdVista.<\/p>\n\n\n\n<h3 class=\"wp-block-heading\">Jak\u00e1 jazykov\u00e1 \u00farove\u0148 je vhodn\u00e1 pro \u00fa\u010dast?<\/h3>\n\n\n\n<p>Program zahrnuje intenzivn\u00ed v\u00fduku \u010desk\u00e9ho jazyka na \u00farovn\u00edch A1 a A2.<\/p>\n\n\n\n<h3 class=\"wp-block-heading\">Je sou\u010d\u00e1st\u00ed programu i sezn\u00e1men\u00ed s univerzitou?<\/h3>\n\n\n\n<p>Ano. \u00da\u010dastn\u00edci nav\u0161t\u00edv\u00ed univerzitu, sezn\u00e1m\u00ed se s akademick\u00fdm prost\u0159ed\u00edm a absolvuj\u00ed workshop o p\u0159ijet\u00ed na \u010deskou univerzitu.<\/p>\n\n\n\n<h3 class=\"wp-block-heading\">Je to jen jazykov\u00fd kurz?<\/h3>\n\n\n\n<p>Ne. Je to program, kter\u00fd spojuje \u010desk\u00fd jazyk, univerzitn\u00ed prost\u0159ed\u00ed, kulturn\u00ed zku\u0161enost, setk\u00e1n\u00ed se studenty a orientaci v p\u0159ij\u00edmac\u00edm \u0159\u00edzen\u00ed.<\/p>\n","protected":false},"excerpt":{"rendered":"<p>Letn\u00ed \u0161kola v \u010cesku je form\u00e1t, kter\u00fd spojuje \u010desk\u00fd jazyk, sezn\u00e1men\u00ed s univerzitn\u00edm prost\u0159ed\u00edm a re\u00e1lnou zku\u0161enost pobytu v zemi, kde mnoho ukrajinsk\u00fdch uchaze\u010d\u016f pl\u00e1nuje sv\u00e9 budouc\u00ed studium. Pro ty, kte\u0159\u00ed uva\u017euj\u00ed o p\u0159ijet\u00ed na \u010deskou univerzitu, m\u016f\u017ee dvout\u00fddenn\u00ed program b\u00fdt nejen letn\u00ed cestou, ale i prvn\u00edm praktick\u00fdm krokem ke studiu v zahrani\u010d\u00ed. Od 4. [&hellip;]<\/p>\n","protected":false},"author":3,"featured_media":1805,"comment_status":"closed","ping_status":"open","sticky":false,"template":"","format":"standard","meta":{"_acf_changed":false,"footnotes":""},"categories":[1],"tags":[],"class_list":["post-1803","post","type-post","status-publish","format-standard","has-post-thumbnail","hentry","category-news"],"acf":[],"yoast_head":"<!-- This site is optimized with the Yoast SEO plugin v27.3 - https:\/\/yoast.com\/product\/yoast-seo-wordpress\/ -->\n<title>Letn\u00ed \u0161kola v \u010cesku \u2013 2 t\u00fddny \u010desk\u00e9ho jazyka v Brn\u011b<\/title>\n<meta name=\"description\" content=\"Letn\u00ed \u0161kola v Brn\u011b v \u010cesku \u2013 2 t\u00fddny \u010desk\u00e9ho jazyka, sezn\u00e1men\u00ed s univerzitou, workshop o p\u0159ijet\u00ed a studentsk\u00e9 prost\u0159ed\u00ed v \u010cesku.\" \/>\n<meta name=\"robots\" content=\"index, follow, max-snippet:-1, max-image-preview:large, max-video-preview:-1\" \/>\n<link rel=\"canonical\" href=\"https:\/\/edvista.com.ua\/cz\/summer-school-czechia-brno\/\" \/>\n<meta property=\"og:locale\" content=\"cs_CZ\" \/>\n<meta property=\"og:type\" content=\"article\" \/>\n<meta property=\"og:title\" content=\"Letn\u00ed \u0161kola v \u010cesku \u2013 2 t\u00fddny \u010desk\u00e9ho jazyka v Brn\u011b\" \/>\n<meta property=\"og:description\" content=\"Letn\u00ed \u0161kola v Brn\u011b v \u010cesku \u2013 2 t\u00fddny \u010desk\u00e9ho jazyka, sezn\u00e1men\u00ed s univerzitou, workshop o p\u0159ijet\u00ed a studentsk\u00e9 prost\u0159ed\u00ed v \u010cesku.\" \/>\n<meta property=\"og:url\" content=\"https:\/\/edvista.com.ua\/cz\/summer-school-czechia-brno\/\" \/>\n<meta property=\"og:site_name\" content=\"Jazykov\u00e9 centrum - Edvista\" \/>\n<meta property=\"article:publisher\" content=\"https:\/\/www.facebook.com\/EdVista\" \/>\n<meta property=\"article:published_time\" content=\"2026-04-02T06:46:00+00:00\" \/>\n<meta property=\"article:modified_time\" content=\"2026-04-19T17:38:55+00:00\" \/>\n<meta property=\"og:image\" content=\"https:\/\/edvista.com.ua\/cz\/wp-content\/uploads\/2026\/04\/summer-school-czechia-brno-main.webp\" \/>\n\t<meta property=\"og:image:width\" content=\"1280\" \/>\n\t<meta property=\"og:image:height\" content=\"720\" \/>\n\t<meta property=\"og:image:type\" content=\"image\/webp\" \/>\n<meta name=\"author\" content=\"selector.space\" \/>\n<meta name=\"twitter:card\" content=\"summary_large_image\" \/>\n<meta name=\"twitter:label1\" content=\"Napsal(a)\" \/>\n\t<meta name=\"twitter:data1\" content=\"selector.space\" \/>\n\t<meta name=\"twitter:label2\" content=\"Odhadovan\u00e1 doba \u010dten\u00ed\" \/>\n\t<meta name=\"twitter:data2\" content=\"9 minut\" \/>\n<!-- \/ Yoast SEO plugin. -->","yoast_head_json":{"title":"Letn\u00ed \u0161kola v \u010cesku \u2013 2 t\u00fddny \u010desk\u00e9ho jazyka v Brn\u011b","description":"Letn\u00ed \u0161kola v Brn\u011b v \u010cesku \u2013 2 t\u00fddny \u010desk\u00e9ho jazyka, sezn\u00e1men\u00ed s univerzitou, workshop o p\u0159ijet\u00ed a studentsk\u00e9 prost\u0159ed\u00ed v \u010cesku.","robots":{"index":"index","follow":"follow","max-snippet":"max-snippet:-1","max-image-preview":"max-image-preview:large","max-video-preview":"max-video-preview:-1"},"canonical":"https:\/\/edvista.com.ua\/cz\/summer-school-czechia-brno\/","og_locale":"cs_CZ","og_type":"article","og_title":"Letn\u00ed \u0161kola v \u010cesku \u2013 2 t\u00fddny \u010desk\u00e9ho jazyka v Brn\u011b","og_description":"Letn\u00ed \u0161kola v Brn\u011b v \u010cesku \u2013 2 t\u00fddny \u010desk\u00e9ho jazyka, sezn\u00e1men\u00ed s univerzitou, workshop o p\u0159ijet\u00ed a studentsk\u00e9 prost\u0159ed\u00ed v \u010cesku.","og_url":"https:\/\/edvista.com.ua\/cz\/summer-school-czechia-brno\/","og_site_name":"Jazykov\u00e9 centrum - Edvista","article_publisher":"https:\/\/www.facebook.com\/EdVista","article_published_time":"2026-04-02T06:46:00+00:00","article_modified_time":"2026-04-19T17:38:55+00:00","og_image":[{"width":1280,"height":720,"url":"https:\/\/edvista.com.ua\/cz\/wp-content\/uploads\/2026\/04\/summer-school-czechia-brno-main.webp","type":"image\/webp"}],"author":"selector.space","twitter_card":"summary_large_image","twitter_misc":{"Napsal(a)":"selector.space","Odhadovan\u00e1 doba \u010dten\u00ed":"9 minut"},"schema":{"@context":"https:\/\/schema.org","@graph":[{"@type":"Article","@id":"https:\/\/edvista.com.ua\/cz\/summer-school-czechia-brno\/#article","isPartOf":{"@id":"https:\/\/edvista.com.ua\/cz\/summer-school-czechia-brno\/"},"author":{"name":"selector.space","@id":"https:\/\/edvista.com.ua\/cz\/#\/schema\/person\/c97b039edae875948b0d1773de7155c6"},"headline":"Letn\u00ed \u0161kola v \u010cesku: \u010desk\u00fd jazyk, Brno a prvn\u00ed krok k p\u0159ijet\u00ed","datePublished":"2026-04-02T06:46:00+00:00","dateModified":"2026-04-19T17:38:55+00:00","mainEntityOfPage":{"@id":"https:\/\/edvista.com.ua\/cz\/summer-school-czechia-brno\/"},"wordCount":1785,"publisher":{"@id":"https:\/\/edvista.com.ua\/cz\/#organization"},"image":{"@id":"https:\/\/edvista.com.ua\/cz\/summer-school-czechia-brno\/#primaryimage"},"thumbnailUrl":"https:\/\/edvista.com.ua\/cz\/wp-content\/uploads\/2026\/04\/summer-school-czechia-brno-main.webp","articleSection":["Zpr\u00e1vy"],"inLanguage":"cs"},{"@type":"WebPage","@id":"https:\/\/edvista.com.ua\/cz\/summer-school-czechia-brno\/","url":"https:\/\/edvista.com.ua\/cz\/summer-school-czechia-brno\/","name":"Letn\u00ed \u0161kola v \u010cesku \u2013 2 t\u00fddny \u010desk\u00e9ho jazyka v Brn\u011b","isPartOf":{"@id":"https:\/\/edvista.com.ua\/cz\/#website"},"primaryImageOfPage":{"@id":"https:\/\/edvista.com.ua\/cz\/summer-school-czechia-brno\/#primaryimage"},"image":{"@id":"https:\/\/edvista.com.ua\/cz\/summer-school-czechia-brno\/#primaryimage"},"thumbnailUrl":"https:\/\/edvista.com.ua\/cz\/wp-content\/uploads\/2026\/04\/summer-school-czechia-brno-main.webp","datePublished":"2026-04-02T06:46:00+00:00","dateModified":"2026-04-19T17:38:55+00:00","description":"Letn\u00ed \u0161kola v Brn\u011b v \u010cesku \u2013 2 t\u00fddny \u010desk\u00e9ho jazyka, sezn\u00e1men\u00ed s univerzitou, workshop o p\u0159ijet\u00ed a studentsk\u00e9 prost\u0159ed\u00ed v \u010cesku.","breadcrumb":{"@id":"https:\/\/edvista.com.ua\/cz\/summer-school-czechia-brno\/#breadcrumb"},"inLanguage":"cs","potentialAction":[{"@type":"ReadAction","target":["https:\/\/edvista.com.ua\/cz\/summer-school-czechia-brno\/"]}]},{"@type":"ImageObject","inLanguage":"cs","@id":"https:\/\/edvista.com.ua\/cz\/summer-school-czechia-brno\/#primaryimage","url":"https:\/\/edvista.com.ua\/cz\/wp-content\/uploads\/2026\/04\/summer-school-czechia-brno-main.webp","contentUrl":"https:\/\/edvista.com.ua\/cz\/wp-content\/uploads\/2026\/04\/summer-school-czechia-brno-main.webp","width":1280,"height":720,"caption":"Letn\u00ed \u0161kola v Brn\u011b v \u010cesk\u00e9 republice s programem pro \u00fa\u010dastn\u00edky"},{"@type":"BreadcrumbList","@id":"https:\/\/edvista.com.ua\/cz\/summer-school-czechia-brno\/#breadcrumb","itemListElement":[{"@type":"ListItem","position":1,"name":"Dom\u016f","item":"https:\/\/edvista.com.ua\/cz\/"},{"@type":"ListItem","position":2,"name":"Letn\u00ed \u0161kola v \u010cesku: \u010desk\u00fd jazyk, Brno a prvn\u00ed krok k p\u0159ijet\u00ed"}]},{"@type":"WebSite","@id":"https:\/\/edvista.com.ua\/cz\/#website","url":"https:\/\/edvista.com.ua\/cz\/","name":"Jazykov\u00e9 centrum EdVista","description":"P\u0159\u00edprava na p\u0159ijet\u00ed na \u010desk\u00e9 vysok\u00e9 \u0161koly","publisher":{"@id":"https:\/\/edvista.com.ua\/cz\/#organization"},"potentialAction":[{"@type":"SearchAction","target":{"@type":"EntryPoint","urlTemplate":"https:\/\/edvista.com.ua\/cz\/?s={search_term_string}"},"query-input":{"@type":"PropertyValueSpecification","valueRequired":true,"valueName":"search_term_string"}}],"inLanguage":"cs"},{"@type":"Organization","@id":"https:\/\/edvista.com.ua\/cz\/#organization","name":"Edvista","url":"https:\/\/edvista.com.ua\/cz\/","logo":{"@type":"ImageObject","inLanguage":"cs","@id":"https:\/\/edvista.com.ua\/cz\/#\/schema\/logo\/image\/","url":"https:\/\/edvista.com.ua\/cz\/wp-content\/uploads\/2025\/06\/logo-1.svg","contentUrl":"https:\/\/edvista.com.ua\/cz\/wp-content\/uploads\/2025\/06\/logo-1.svg","width":1,"height":1,"caption":"Edvista"},"image":{"@id":"https:\/\/edvista.com.ua\/cz\/#\/schema\/logo\/image\/"},"sameAs":["https:\/\/www.facebook.com\/EdVista","https:\/\/www.instagram.com\/ed.vista\/","https:\/\/www.threads.com\/@ed.vista?xmt=AQF0D9nImP0G7VzgulLgJYEP794vq8QLUHsl6kIYOu187bA","https:\/\/www.youtube.com\/channel\/UCxRfTgnhdIbZOn-hI9xowNA","https:\/\/www.tiktok.com\/@ed.vista?_r=1&_t=ZS-948DrdZoQbo"]},{"@type":"Person","@id":"https:\/\/edvista.com.ua\/cz\/#\/schema\/person\/c97b039edae875948b0d1773de7155c6","name":"selector.space","image":{"@type":"ImageObject","inLanguage":"cs","@id":"https:\/\/secure.gravatar.com\/avatar\/fc5fe6ed4abe6f45db333e084b3ade9e82401990233aaaacb205cf1f74f6098f?s=96&d=mm&r=g","url":"https:\/\/secure.gravatar.com\/avatar\/fc5fe6ed4abe6f45db333e084b3ade9e82401990233aaaacb205cf1f74f6098f?s=96&d=mm&r=g","contentUrl":"https:\/\/secure.gravatar.com\/avatar\/fc5fe6ed4abe6f45db333e084b3ade9e82401990233aaaacb205cf1f74f6098f?s=96&d=mm&r=g","caption":"selector.space"}}]}},"amp_enabled":true,"_links":{"self":[{"href":"https:\/\/edvista.com.ua\/cz\/wp-json\/wp\/v2\/posts\/1803","targetHints":{"allow":["GET"]}}],"collection":[{"href":"https:\/\/edvista.com.ua\/cz\/wp-json\/wp\/v2\/posts"}],"about":[{"href":"https:\/\/edvista.com.ua\/cz\/wp-json\/wp\/v2\/types\/post"}],"author":[{"embeddable":true,"href":"https:\/\/edvista.com.ua\/cz\/wp-json\/wp\/v2\/users\/3"}],"replies":[{"embeddable":true,"href":"https:\/\/edvista.com.ua\/cz\/wp-json\/wp\/v2\/comments?post=1803"}],"version-history":[{"count":1,"href":"https:\/\/edvista.com.ua\/cz\/wp-json\/wp\/v2\/posts\/1803\/revisions"}],"predecessor-version":[{"id":1809,"href":"https:\/\/edvista.com.ua\/cz\/wp-json\/wp\/v2\/posts\/1803\/revisions\/1809"}],"wp:featuredmedia":[{"embeddable":true,"href":"https:\/\/edvista.com.ua\/cz\/wp-json\/wp\/v2\/media\/1805"}],"wp:attachment":[{"href":"https:\/\/edvista.com.ua\/cz\/wp-json\/wp\/v2\/media?parent=1803"}],"wp:term":[{"taxonomy":"category","embeddable":true,"href":"https:\/\/edvista.com.ua\/cz\/wp-json\/wp\/v2\/categories?post=1803"},{"taxonomy":"post_tag","embeddable":true,"href":"https:\/\/edvista.com.ua\/cz\/wp-json\/wp\/v2\/tags?post=1803"}],"curies":[{"name":"wp","href":"https:\/\/api.w.org\/{rel}","templated":true}]}}